{"id":9613,"date":"2012-05-15T01:23:06","date_gmt":"2012-05-15T01:23:06","guid":{"rendered":"http:\/\/www.nuche.net\/?p=9613"},"modified":"2012-05-15T23:16:56","modified_gmt":"2012-05-15T23:16:56","slug":"9613","status":"publish","type":"post","link":"https:\/\/www.archive.nuche.net\/?p=9613","title":{"rendered":""},"content":{"rendered":"<p style=\"text-align: left;\">I V\u00e4rlden finns m\u00e5nga som vill bo ensam, det beror p\u00e5 I vilket land eller samh\u00e4llet de v\u00e4xte upp.<\/p>\n<p style=\"text-align: left;\">I Sverige kan man v\u00e4nja sig vid ensamhet, f\u00f6r att n\u00e4r man blir 18 \u00e5r gammal, kan man bo ensamhet, men i mitt land kan man inte bo s\u00e5, vi brukar bo i en kollektiv, d\u00e4r f\u00f6r att mitt land \u00e4r ett kollektiv samh\u00e4lle.<\/p>\n<p style=\"text-align: left;\">N\u00e4r man v\u00e4xte upp i en kollektiv samh\u00e4lle, \u00e4r inte l\u00e4tt att v\u00e4nja sig vid ensamhet.<\/p>\n<p style=\"text-align: left;\">Det \u00e4r s\u00e5 olika mellan m\u00e4nniskor, vissa gillar att vara ensamma och vissa vill inte bo ensam.<\/p>\n<p style=\"text-align: left;\">Jag v\u00e4xte upp i kollektiv med \u00e5tta syskon, och mina sl\u00e4ktingar bodde i samma omr\u00e5de som vi bo i, varje dag fick vi bes\u00f6ka av varandra.<\/p>\n<p style=\"text-align: left;\">D\u00e4r f\u00f6r att jag v\u00e4xte upp som en social person, jag \u00e4lskar de personer som \u00e4r \u00f6ppen.<\/p>\n<p style=\"text-align: left;\">N\u00e4r jag kom till Sverige jag trodde att kunde jag att tr\u00e4ffa nya m\u00e4nniskor, och skapa nya v\u00e4nner h\u00e4r, men det kan jag inte.<\/p>\n<p style=\"text-align: left;\">I Sverige var jag tvungen att bo ensam i en tom l\u00e4genhet, det var j\u00e4tte sv\u00e5rt f\u00f6r mig i b\u00f6rjan, viste jag inte hur jag l\u00e4r mig att vara sj\u00e4lv trivs med det nya livet, viste jag inte hur jag ska klara att bo sj\u00e4lv, jag saknade n\u00e4rheten n\u00e4r jag sitter ensam i hemma, eller gjorde promenad bara jag mig sj\u00e4lv, det k\u00e4nnas mycket jobbigt att jag kom hem till en tom l\u00e4genhet dag efter dag, d\u00e5 var jag mest hemma i b\u00f6rjan, hade jag inte jobb eller skolan, det var j\u00e4tte tr\u00e5kig att jag stanna bara hemma och t\u00e4nker p\u00e5 mina barn, min familj eller p\u00e5 min f\u00f6ra livet.<\/p>\n<p style=\"text-align: left;\">Jag pratade med n\u00e5gra mina v\u00e4nner p\u00e5 mobilen. Jag sa till dem (mitt liv blir j\u00e4tte sv\u00e5rt, f\u00f6r att jag bor ensam, k\u00e4nner jag inte n\u00e5gon h\u00e4r), de svarade mig s\u00e5, (Nej, det \u00e4r inte sv\u00e5rt, nu f\u00e5r du tillf\u00e4lle att l\u00e4ra dig att bo sj\u00e4lv, L\u00e4r dig att trivas med dig sj\u00e4lv, Ensam \u00e4r stark), men det hj\u00e4lper inte mig, f\u00f6r att det var ett sv\u00e5rt och nya liv f\u00f6r mig, och tog det mycket tid tills jag kunde v\u00e4nja mig vid ensamhet, f\u00f6r att det hade jag aldrig att bo ensam f\u00f6rut.<\/p>\n<p style=\"text-align: left;\">N\u00e4r jag b\u00f6rjade skolan mitt jag blir lite b\u00e4ttre, jag hoppas att jag kan komma att v\u00e4nja mig och trivas b\u00e4ttre med det.<\/p>\n<p style=\"text-align: left;\">Men tycker jag det \u00e4r b\u00e4ttre att man bo med folk, jag gillar att ha folk n\u00e4ra mig.<\/p>\n<p style=\"text-align: left;\">Jag tror att n\u00e4r man bor ensam s\u00e5 l\u00e4nge fick man psykiska problem, och brukar med det livet kan inre bo med n\u00e5gon i framtiden.<\/p>\n<p><br style=\"text-align: left;\" \/><\/p>\n<div id=\"wp_fb_like_button\" style=\"margin:5px 0;float:none;height:200px;\"><script src=\"http:\/\/connect.facebook.net\/en_US\/all.js#xfbml=1\"><\/script><fb:like href=\"https:\/\/www.archive.nuche.net\/?p=9613\" send=\"true\" layout=\"standard\" width=\"450\" show_faces=\"true\" font=\"tahoma\" action=\"like\" colorscheme=\"light\"><\/fb:like><\/div>","protected":false},"excerpt":{"rendered":"<p>I V\u00e4rlden finns m\u00e5nga som vill bo ensam, det beror p\u00e5 I vilket land eller samh\u00e4llet de v\u00e4xte upp. I Sverige kan man v\u00e4nja sig vid ensamhet, f\u00f6r att n\u00e4r man blir 18 \u00e5r gammal, kan man bo ensamhet, men i mitt land kan man inte bo s\u00e5, vi brukar bo i en kollektiv, d\u00e4r<\/p>\n<div class=\"read-more\"><a href=\"https:\/\/www.archive.nuche.net\/?p=9613\" title=\"Read More\">Read More<\/a><\/div>\n","protected":false},"author":1,"featured_media":0,"comment_status":"open","ping_status":"open","sticky":false,"template":"","format":"standard","meta":{"footnotes":""},"categories":[1],"tags":[],"class_list":{"0":"post-9613","1":"post","2":"type-post","3":"status-publish","4":"format-standard","6":"category-1"},"_links":{"self":[{"href":"https:\/\/www.archive.nuche.net\/index.php?rest_route=\/wp\/v2\/posts\/9613","targetHints":{"allow":["GET"]}}],"collection":[{"href":"https:\/\/www.archive.nuche.net\/index.php?rest_route=\/wp\/v2\/posts"}],"about":[{"href":"https:\/\/www.archive.nuche.net\/index.php?rest_route=\/wp\/v2\/types\/post"}],"author":[{"embeddable":true,"href":"https:\/\/www.archive.nuche.net\/index.php?rest_route=\/wp\/v2\/users\/1"}],"replies":[{"embeddable":true,"href":"https:\/\/www.archive.nuche.net\/index.php?rest_route=%2Fwp%2Fv2%2Fcomments&post=9613"}],"version-history":[{"count":3,"href":"https:\/\/www.archive.nuche.net\/index.php?rest_route=\/wp\/v2\/posts\/9613\/revisions"}],"predecessor-version":[{"id":9615,"href":"https:\/\/www.archive.nuche.net\/index.php?rest_route=\/wp\/v2\/posts\/9613\/revisions\/9615"}],"wp:attachment":[{"href":"https:\/\/www.archive.nuche.net\/index.php?rest_route=%2Fwp%2Fv2%2Fmedia&parent=9613"}],"wp:term":[{"taxonomy":"category","embeddable":true,"href":"https:\/\/www.archive.nuche.net\/index.php?rest_route=%2Fwp%2Fv2%2Fcategories&post=9613"},{"taxonomy":"post_tag","embeddable":true,"href":"https:\/\/www.archive.nuche.net\/index.php?rest_route=%2Fwp%2Fv2%2Ftags&post=9613"}],"curies":[{"name":"wp","href":"https:\/\/api.w.org\/{rel}","templated":true}]}}