{"id":9591,"date":"2012-05-14T01:16:15","date_gmt":"2012-05-14T01:16:15","guid":{"rendered":"http:\/\/www.nuche.net\/?p=9591"},"modified":"2012-05-15T13:20:28","modified_gmt":"2012-05-15T13:20:28","slug":"9591","status":"publish","type":"post","link":"https:\/\/www.archive.nuche.net\/?p=9591","title":{"rendered":""},"content":{"rendered":"<p style=\"text-align: left;\">ENSAMHET<\/p>\n<p style=\"text-align: left;\">Ensamhet kan vara underbar n\u00e4r man v\u00e4ljer den sj\u00e4lv, men den kan ibland vara sv\u00e5r att prata om, speciellt om man k\u00e4nner sig ensam trots att man \u00e4r omgiven av m\u00e4nniskor.<br \/>\nEn stor del av v\u00e5r befolkning har kommit fr\u00e5n ett annat land, och n\u00e4r vi byter milj\u00f6 p\u00e5verkas v\u00e5r sociala identitet. M\u00e5nga invandrare k\u00e4nner sig fr\u00e4mmande i detta nya land med nytt spr\u00e5k, ny kultur och mycket annat. Det kan ta v\u00e4ldigt l\u00e5ng tid innan man f\u00e5r en social identitet som \u00e4r betydelsefull i relation till andra m\u00e4nniskor.<br \/>\nEnsamhet det \u00e4r en naturlig del av livet. En del m\u00e4nniskor \u00e4r ensamma hela livet. Och m\u00e5nga m\u00e4nniskor har b\u00e5de familj, v\u00e4nner och en k\u00e4rleksrelation. Men m\u00e5nga personer har f\u00f6rlorat hela sin familj och alla sina v\u00e4nner.<br \/>\nI v\u00e4rlden finns m\u00e5nga m\u00e4niskor som vill bo ensamma. Det beror p\u00e5 i vilket land eller samh\u00e4lle de v\u00e4xte upp. I flera l\u00e4nder kan man inte bo ensam. Det beror p\u00e5 traditioner och beroendet av varandra. N\u00e4r man har v\u00e4xt upp i ett kollektivt samh\u00e4lle, \u00e4r det inte l\u00e4tt att v\u00e4nja sig vid att bo ensam. Om man j\u00e4mf\u00f6r Sverige med andra l\u00e4nder finns det st\u00f6rre m\u00f6jligheter h\u00e4r att best\u00e4mma hur och tillsammans med vem man vill bo.<br \/>\nAnna s\u00e4ger att h\u00e4r kan jag dansa och gr\u00e5ta s\u00e5 mycket jag vill, och hon tycker att relationen till sig sj\u00e4lv \u00e4r den absoluta viktigaste och sv\u00e5raste man kan ha.<\/p>\n<p style=\"text-align: left;\">Jag tror att hon har r\u00e4tt ibland. Jag \u00e4r \u00f6verens med henne om att man kan bo ensam. Man kan klara sig sj\u00e4lv i livet och bara leva f\u00f6r sig sj\u00e4lv.<br \/>\nJag har bott ensam i 3 \u00e5r och jag tycker att det \u00e4r sk\u00f6nt faktiskt. Jag kommer och g\u00e5r som jag vill. Jag \u00e4ter vad jag vill, hur jag vill och n\u00e4r jag vill. Jag best\u00e4mmer sj\u00e4lv n\u00e4r jag l\u00e4gger mig p\u00e5 och n\u00e4r jag g\u00e5r upp. Jag tycker att det \u00e4r toppen att bo sj\u00e4lv.<\/p>\n<p style=\"text-align: left;\">\u00c5 andra sidan tror jag Anna har fel och jag kan inte h\u00e5lla med henne. Att bo ensam kan ge m\u00e5nga problem och ur samh\u00e4llets synpunkt \u00e4r det inte bra. Ensamhet leder ofta till psykiska problem.<br \/>\nEnsamhet \u00e4r att sakna fysisk kontakt, det vill s\u00e4ga kroppskontakt. Det kan k\u00e4nnas pinsamt att ber\u00e4tta att man l\u00e4ngtar efter en v\u00e4nlig klapp p\u00e5 kinden eller att n\u00e5gon h\u00e5ller en i handen. Men ber\u00f6ring \u00e4r ocks\u00e5 en viktig del av den gemenskap vi beh\u00f6ver. D\u00e4rf\u00f6r kan kontakten med ett husdjur ibland bli v\u00e4ldigt betydelsefull, eftersom den ocks\u00e5 ger oss m\u00f6jlighet till fysisk kontakt. P\u00e5 det viset kan bristen p\u00e5 m\u00e4nsklig ber\u00f6ring delvis kompenseras.<br \/>\nDe flesta m\u00e4nniskor beh\u00f6ver goda relationer med andra och goda v\u00e4nner \u00e4r en stor g\u00e5va i livet.<br \/>\nOm man inte hittar n\u00e5gon person som man vill bo tillsammans med, kan det vara fint med ett husdjur. M\u00e5nga upplever att de k\u00e4nner sig mindre ensamma i s\u00e4llskap av t ex en hund.<\/p>\n<div id=\"wp_fb_like_button\" style=\"margin:5px 0;float:none;height:200px;\"><script src=\"http:\/\/connect.facebook.net\/en_US\/all.js#xfbml=1\"><\/script><fb:like href=\"https:\/\/www.archive.nuche.net\/?p=9591\" send=\"true\" layout=\"standard\" width=\"450\" show_faces=\"true\" font=\"tahoma\" action=\"like\" colorscheme=\"light\"><\/fb:like><\/div>","protected":false},"excerpt":{"rendered":"<p>ENSAMHET Ensamhet kan vara underbar n\u00e4r man v\u00e4ljer den sj\u00e4lv, men den kan ibland vara sv\u00e5r att prata om, speciellt om man k\u00e4nner sig ensam trots att man \u00e4r omgiven av m\u00e4nniskor. En stor del av v\u00e5r befolkning har kommit fr\u00e5n ett annat land, och n\u00e4r vi byter milj\u00f6 p\u00e5verkas v\u00e5r sociala identitet. M\u00e5nga invandrare<\/p>\n<div class=\"read-more\"><a href=\"https:\/\/www.archive.nuche.net\/?p=9591\" title=\"Read More\">Read More<\/a><\/div>\n","protected":false},"author":1,"featured_media":0,"comment_status":"open","ping_status":"open","sticky":false,"template":"","format":"standard","meta":{"footnotes":""},"categories":[1],"tags":[],"class_list":{"0":"post-9591","1":"post","2":"type-post","3":"status-publish","4":"format-standard","6":"category-1"},"_links":{"self":[{"href":"https:\/\/www.archive.nuche.net\/index.php?rest_route=\/wp\/v2\/posts\/9591","targetHints":{"allow":["GET"]}}],"collection":[{"href":"https:\/\/www.archive.nuche.net\/index.php?rest_route=\/wp\/v2\/posts"}],"about":[{"href":"https:\/\/www.archive.nuche.net\/index.php?rest_route=\/wp\/v2\/types\/post"}],"author":[{"embeddable":true,"href":"https:\/\/www.archive.nuche.net\/index.php?rest_route=\/wp\/v2\/users\/1"}],"replies":[{"embeddable":true,"href":"https:\/\/www.archive.nuche.net\/index.php?rest_route=%2Fwp%2Fv2%2Fcomments&post=9591"}],"version-history":[{"count":8,"href":"https:\/\/www.archive.nuche.net\/index.php?rest_route=\/wp\/v2\/posts\/9591\/revisions"}],"predecessor-version":[{"id":9593,"href":"https:\/\/www.archive.nuche.net\/index.php?rest_route=\/wp\/v2\/posts\/9591\/revisions\/9593"}],"wp:attachment":[{"href":"https:\/\/www.archive.nuche.net\/index.php?rest_route=%2Fwp%2Fv2%2Fmedia&parent=9591"}],"wp:term":[{"taxonomy":"category","embeddable":true,"href":"https:\/\/www.archive.nuche.net\/index.php?rest_route=%2Fwp%2Fv2%2Fcategories&post=9591"},{"taxonomy":"post_tag","embeddable":true,"href":"https:\/\/www.archive.nuche.net\/index.php?rest_route=%2Fwp%2Fv2%2Ftags&post=9591"}],"curies":[{"name":"wp","href":"https:\/\/api.w.org\/{rel}","templated":true}]}}